{"id":37,"date":"2016-10-17T15:58:01","date_gmt":"2016-10-17T15:58:01","guid":{"rendered":"http:\/\/www.kwf.cz\/?p=37"},"modified":"2017-01-15T10:33:58","modified_gmt":"2017-01-15T09:33:58","slug":"karate-prerov-shindokai-dojo","status":"publish","type":"post","link":"http:\/\/www.kwf.cz\/en\/karate-prerov-shindokai-dojo\/","title":{"rendered":"Karate P\u0159erov &#8211; Shindokai dojo"},"content":{"rendered":"<p><a href=\"http:\/\/www.shindokai.cz\">Dojo Shindokai<\/a>\u00a0 - Karate P\u0159erov was founded in 1999 by the merger of the two former Prerov dojo, namely the Sakura dojo led by Zden\u011bk Jano\u0161ek and Tora dojo under the direction of Tom\u00e1\u0161 Kone\u010dn\u00fd.<span id=\"more-2167\"><\/span><\/p>\n<p>In the same year, Shindokai dojo became a member of the CzKA - Czech Karate Association (<a href=\"http:\/\/www.czka.cz\">www.czka.cz<\/a>). In CzKA, Shindokai dojo took part in a number of seminars and competitions, some of which he organized. The results of our karate on these competitions can be read in the \"<a href=\"http:\/\/www.shindokai.cz\/galerie\/souteze\/\">Sout\u011b\u017ee<\/a>\u201e.<\/p>\n<p>In the CzKA Association, the Shindokai dojo remains until 2015, when the Association stands out and becomes a member of the Karatenomichi World Federation<a href=\"http:\/\/www.kwf.cz\/en\/\">www.kwf.cz<\/a>)<\/p>\n<p>Information on the section, its activities, photos and other details can be found on the sections of the section, ie <a href=\"http:\/\/www.shindokai.cz\">www.shindokai.cz<\/a>. Use the menu in the header (or left) of the page to navigate through our chronology. If you want, you can leave a message on the page <a href=\"http:\/\/www.shindokai.cz\/vzkazy\/\">Vzkazy<\/a><\/p>\n<p><a href=\"http:\/\/www.shindokai.cz\" target=\"_blank\"><img decoding=\"async\" loading=\"lazy\" class=\"aligncenter wp-image-3233 size-thumbnail\" title=\"Odkaz na web www.shindokai.cz\" src=\"http:\/\/www.shindokai.cz\/wp-content\/uploads\/2015\/06\/Znak-Shindokai-logo-150x150.jpg\" alt=\"Znak Shindokai-logo\" width=\"150\" height=\"150\" \/><\/a><\/p>","protected":false},"excerpt":{"rendered":"<p>Dojo Shindokai\u00a0 \u2013 Karate P\u0159erov vzniklo v roce 1999 slou\u010den\u00edm dvou tehdej\u0161\u00edch p\u0159erovsk\u00fdch dojo a to Sakura dojo veden\u00e9ho\u00a0Zde\u0148kem Jano\u0161kem a Tora dojo pod veden\u00edm Tom\u00e1\u0161e Kone\u010dn\u00e9ho. Ve stejn\u00e9m roce se Shindokai dojo st\u00e1v\u00e1 i \u010dlenem CzKA \u2013 Czechian Karate Association (www.czka.cz). V CzKA se Shindokai dojo \u00fa\u010dastnilo \u0159ady semin\u00e1\u0159\u016f a sout\u011b\u017e\u00ed, z nich\u017e n\u011bkter\u00e9 i po\u0159\u00e1dalo. O v\u00fdsledc\u00edch na\u0161ich karateka na t\u011bchto sout\u011b\u017e\u00edch se m\u016f\u017eete do\u010d\u00edst v odkazu \u201eSout\u011b\u017ee\u201e. V asociaci CzKA z\u00fast\u00e1v\u00e1 Shindokai dojo do roku 2015, kdy z asociace vystupuje a st\u00e1v\u00e1 se \u010dlenem\u00a0Karatenomichi World Federation (www.kwf.cz) Informace k odd\u00edlu, jeho \u010dinnosti, fotografie a dal\u0161\u00ed podrobnosti najdete na str\u00e1nk\u00e1ch odd\u00edlu, tedy na www.shindokai.cz. Pro pohyb v na\u0161\u00ed kronice pou\u017eijte menu v z\u00e1hlav\u00ed (nebo po lev\u00e9 stran\u011b) str\u00e1nky. Pokud chcete, m\u016f\u017eete nechat vzkaz na str\u00e1nce Vzkazy<\/p>","protected":false},"author":2,"featured_media":114,"comment_status":"closed","ping_status":"closed","sticky":false,"template":"","format":"standard","meta":[],"categories":[5],"tags":[],"_links":{"self":[{"href":"http:\/\/www.kwf.cz\/en\/wp-json\/wp\/v2\/posts\/37"}],"collection":[{"href":"http:\/\/www.kwf.cz\/en\/wp-json\/wp\/v2\/posts"}],"about":[{"href":"http:\/\/www.kwf.cz\/en\/wp-json\/wp\/v2\/types\/post"}],"author":[{"embeddable":true,"href":"http:\/\/www.kwf.cz\/en\/wp-json\/wp\/v2\/users\/2"}],"replies":[{"embeddable":true,"href":"http:\/\/www.kwf.cz\/en\/wp-json\/wp\/v2\/comments?post=37"}],"version-history":[{"count":6,"href":"http:\/\/www.kwf.cz\/en\/wp-json\/wp\/v2\/posts\/37\/revisions"}],"predecessor-version":[{"id":123,"href":"http:\/\/www.kwf.cz\/en\/wp-json\/wp\/v2\/posts\/37\/revisions\/123"}],"wp:featuredmedia":[{"embeddable":true,"href":"http:\/\/www.kwf.cz\/en\/wp-json\/wp\/v2\/media\/114"}],"wp:attachment":[{"href":"http:\/\/www.kwf.cz\/en\/wp-json\/wp\/v2\/media?parent=37"}],"wp:term":[{"taxonomy":"category","embeddable":true,"href":"http:\/\/www.kwf.cz\/en\/wp-json\/wp\/v2\/categories?post=37"},{"taxonomy":"post_tag","embeddable":true,"href":"http:\/\/www.kwf.cz\/en\/wp-json\/wp\/v2\/tags?post=37"}],"curies":[{"name":"wp","href":"https:\/\/api.w.org\/{rel}","templated":true}]}}